{"id":3197,"date":"2022-05-27T16:29:00","date_gmt":"2022-05-27T13:29:00","guid":{"rendered":"https:\/\/kalkanci.com\/kalkanci-olarak-euroguss-2022-fuarindayiz\/"},"modified":"2022-09-21T13:40:58","modified_gmt":"2022-09-21T10:40:58","slug":"kalkanci-olarak-euroguss-2022-fuarindayiz","status":"publish","type":"post","link":"https:\/\/kalkanci.com\/tr\/kalkanci-olarak-euroguss-2022-fuarindayiz\/","title":{"rendered":"Kalkanc\u0131 Olarak Euroguss 2022 Fuar\u0131\u2019nday\u0131z!"},"content":{"rendered":"<div class=\"wpb-content-wrapper\"><p>[vc_row][vc_column][vc_column_text]1981 y\u0131l\u0131nda kurulan ve m\u00fc\u015fterilerine hizmet vermeye \u00f6nce kal\u0131p imalat\u0131 ile ba\u015flayan daha sonra al\u00fcminyum bas\u0131n\u00e7l\u0131 d\u00f6k\u00fcm ile \u00fcr\u00fcn yelpazesini geli\u015ftiren Kalkanc\u0131, bug\u00fcn sekt\u00f6r\u00fcn\u00fcn en \u00f6nde gelen markalar\u0131ndan biri olmu\u015ftur. Bug\u00fcn Kalkanc\u0131 markam\u0131z alt\u0131nda; <strong>Otomotiv, Enerji, Ayd\u0131nlatma<\/strong> ve <strong>\u0130n\u015faat<\/strong> gibi bir\u00e7ok farkl\u0131 sekt\u00f6rde d\u00fcnya \u00e7ap\u0131nda hizmet vermekteyiz. D\u00fcnyan\u0131n \u00e7e\u015fitli \u00fclkelerine \u00fcr\u00fcnlerini g\u00f6nderen bir marka olarak d\u00fcnyadaki geli\u015fmeleri, yenilikleri ve fuarlar\u0131 da yak\u0131ndan takip etmekteyiz. Bizler T\u00fcrkiye\u2019nin ve d\u00fcnyan\u0131n \u00f6nde gelen <strong>Al\u00fcminyum Bas\u0131n\u00e7l\u0131 D\u00f6k\u00fcm Firmalar\u0131ndan biri olarak<\/strong> \u201cgeli\u015fimin\u201d bu sekt\u00f6rde var olmak i\u00e7in en \u00f6nemli nedenlerden biri oldu\u011funa inan\u0131yoruz. Bu nedenle inovatif fikirlerle kendimizi her zaman yeniliyoruz. \u0130\u015fte sekt\u00f6re dair yenilikleri g\u00f6rmek, sekt\u00f6r\u00fcm\u00fczdeki payda\u015flar\u0131m\u0131zla i\u015f birlikleri kurmak ve en \u00f6nemlisi siz de\u011ferli m\u00fc\u015fterilerimizle pandemi nedeniyle ara vermek zorunda kald\u0131\u011f\u0131m\u0131z y\u00fcz y\u00fcze sohbetlerimize tekrar kald\u0131\u011f\u0131m\u0131z yerden devam edebilmek i\u00e7in <strong>Uluslararas\u0131 Euroguss 2022 Bas\u0131n\u00e7l\u0131 D\u00f6k\u00fcm Ticaret<\/strong> <strong>Fuar\u0131&#8217;nda<\/strong> yerimizi al\u0131yoruz. Fuarda;<\/p>\n<ul>\n<li>Al\u00fcminyum Y\u00fcksek Bas\u0131n\u00e7l\u0131 D\u00f6k\u00fcm<\/li>\n<li>Kal\u0131p Tasar\u0131m\u0131 ve Ar-Ge<\/li>\n<li>Kal\u0131p \u00dcretim<\/li>\n<li>Is\u0131l \u0130\u015flem<\/li>\n<li>\u0130\u015fleme<\/li>\n<\/ul>\n<p>Gibi hizmetlerimizdeki en son yeniliklerimiz ve yeni yat\u0131r\u0131mlar\u0131m\u0131zla m\u00fc\u015fterilerimizin ve de\u011ferli misafirlerimizin kar\u015f\u0131s\u0131na \u00e7\u0131k\u0131yoruz.[\/vc_column_text][\/vc_column][\/vc_row][vc_row][vc_column][vc_column_text]<\/p>\n<h2><strong>Euroguss 2022\u2019deyiz!<\/strong><\/h2>\n<p>Sekt\u00f6r\u00fcn\u00fcn en \u00f6nemli ve \u00f6nde gelen etkinliklerinden biri olan <strong>Euroguss Fuar\u0131<\/strong>, 8-10 Haziran\u2019da <strong>N\u00fcrnberg&#8217;de<\/strong> toplan\u0131yor. Bu y\u0131l 14.\u2019s\u00fc d\u00fczenlenen fuar, sekt\u00f6re dair t\u00fcm yenilikleri ve geli\u015fmeleri bir araya getiriyor. \u00dcr\u00fcn yelpazesi; <strong>Al\u00fcminyum ve di\u011fer metaller i\u00e7in y\u00fcksek bas\u0131n\u00e7l\u0131 d\u00f6k\u00fcm olan firmalar\u0131<\/strong> sekt\u00f6rdeki m\u00fc\u015fterilerle bir araya getiren <strong>Euroguss 2022, <\/strong>d\u00f6k\u00fcm prosesleri i\u00e7in yenilik\u00e7i \u00e7\u00f6z\u00fcmler sunuyor.<\/p>\n<p><strong>Kalkanc\u0131<\/strong> olarak <strong>Uluslararas\u0131 Euroguss 2022 Bas\u0131n\u00e7l\u0131 D\u00f6k\u00fcm Ticaret<\/strong> <strong>Fuar\u0131&#8217;na<\/strong> \u015fu hizmet ba\u015fl\u0131klar\u0131m\u0131zla ve \u00fcr\u00fcnlerimizle yer alaca\u011f\u0131z;<\/p>\n<ul>\n<li>Bas\u0131n\u00e7l\u0131 D\u00f6k\u00fcm D\u00f6k\u00fcmhaneleri\n<ul>\n<li>Y\u00fcksek Bas\u0131n\u00e7l\u0131 Al\u00fcminyum d\u00f6k\u00fcm par\u00e7a \u00fcretimi<\/li>\n<li>\u00d6zellikle otomotiv sekt\u00f6r\u00fc i\u00e7in \u0131s\u0131l i\u015fleme tabi tutulabilir ve kaynaklanabilir vakumlu d\u00f6k\u00fcm par\u00e7alar\u0131<\/li>\n<li>\u015easi par\u00e7alar\u0131n\u0131n ve yap\u0131sal par\u00e7alar\u0131n \u00fcretimi<\/li>\n<\/ul>\n<\/li>\n<\/ul>\n<ul>\n<li>Y\u00fcksek Bas\u0131n\u00e7l\u0131 D\u00f6k\u00fcm Kal\u0131plar\u0131\n<ul>\n<li>Pres d\u00f6k\u00fcm kal\u0131plar\u0131<\/li>\n<li>Pres d\u00f6k\u00fcm kal\u0131plar\u0131 i\u00e7in tasar\u0131m ve sim\u00fclasyon \u00e7al\u0131\u015fmalar\u0131<\/li>\n<\/ul>\n<\/li>\n<\/ul>\n<ul>\n<li>H\u0131zl\u0131 Prototip kal\u0131p olu\u015fturma\n<ul>\n<li>H\u0131zl\u0131 prototip kal\u0131plar i\u00e7in eksiksiz \u00e7\u00f6z\u00fcmler<\/li>\n<\/ul>\n<\/li>\n<\/ul>\n<p>[\/vc_column_text][\/vc_column][\/vc_row][vc_row][vc_column][vc_column_text]<img loading=\"lazy\" decoding=\"async\" class=\"aligncenter size-full wp-image-3207\" src=\"https:\/\/kalkanci.com\/wp-content\/uploads\/2022\/05\/Euroguss-04.jpg\" alt=\"euroguss \" width=\"1024\" height=\"500\" srcset=\"https:\/\/kalkanci.com\/wp-content\/uploads\/2022\/05\/Euroguss-04.jpg 1024w, https:\/\/kalkanci.com\/wp-content\/uploads\/2022\/05\/Euroguss-04-300x146.jpg 300w, https:\/\/kalkanci.com\/wp-content\/uploads\/2022\/05\/Euroguss-04-768x375.jpg 768w\" sizes=\"auto, (max-width: 1024px) 100vw, 1024px\" \/>[\/vc_column_text][\/vc_column][\/vc_row][vc_row][vc_column][vc_column_text]<\/p>\n<h3><strong>Euroguss 2022 \u0130\u00e7in Yerinizi Ay\u0131rd\u0131k<\/strong><\/h3>\n<p>Kalkanc\u0131&#8217;n\u0131n 08-10 Haziran 2022 tarihleri aras\u0131nda Almanya&#8217;n\u0131n N\u00fcrnberg kentinde ger\u00e7ekle\u015ftirilecek olan <strong>Euroguss 2022<\/strong> \u2013 <strong>Uluslararas\u0131 Bas\u0131n\u00e7l\u0131 D\u00f6k\u00fcm Ticaret<\/strong> <strong>Fuar\u0131&#8217;na<\/strong> kat\u0131laca\u011f\u0131n\u0131 duyurmaktan heyecan duyuyoruz. Sekt\u00f6rdeki di\u011fer firmalarla ba\u011flant\u0131 kurmak i\u00e7in sab\u0131rs\u0131zlan\u0131yoruz, Pres D\u00f6k\u00fcm teknolojisindeki yeni inovasyonlar hakk\u0131nda daha fazla bilgi edinin ve yeni yat\u0131r\u0131mlar\u0131m\u0131z\u0131 g\u00f6sterin.<\/p>\n<p>E\u011fer siz de bu fuara kat\u0131lacaks\u0131n\u0131z, <strong>7A &#8211; 224&#8242; de yer alan stand\u0131m\u0131za <\/strong>\u00a0u\u011fray\u0131n ve bizimle bir kahve molas\u0131 verin. Yeriniz Ayr\u0131ld\u0131![\/vc_column_text][\/vc_column][\/vc_row]<\/p>\n<\/div>","protected":false},"excerpt":{"rendered":"<p>[vc_row][vc_column][vc_column_text]1981 y\u0131l\u0131nda kurulan ve m\u00fc\u015fterilerine hizmet vermeye \u00f6nce kal\u0131p imalat\u0131 ile ba\u015flayan daha sonra al\u00fcminyum bas\u0131n\u00e7l\u0131 d\u00f6k\u00fcm ile \u00fcr\u00fcn yelpazesini geli\u015ftiren Kalkanc\u0131, bug\u00fcn sekt\u00f6r\u00fcn\u00fcn en \u00f6nde gelen markalar\u0131ndan biri olmu\u015ftur. Bug\u00fcn Kalkanc\u0131 markam\u0131z alt\u0131nda; Otomotiv, Enerji, Ayd\u0131nlatma ve \u0130n\u015faat gibi bir\u00e7ok farkl\u0131 sekt\u00f6rde d\u00fcnya \u00e7ap\u0131nda hizmet vermekteyiz. D\u00fcnyan\u0131n \u00e7e\u015fitli \u00fclkelerine \u00fcr\u00fcnlerini g\u00f6nderen bir marka olarak [&hellip;]<\/p>\n","protected":false},"author":1,"featured_media":3204,"comment_status":"closed","ping_status":"closed","sticky":false,"template":"","format":"standard","meta":{"_seopress_robots_primary_cat":"none","_seopress_titles_title":"Kalkanc\u0131 Olarak Euroguss 2022 Fuar\u0131\u2019nday\u0131z! | KALKANCI","_seopress_titles_desc":"Kalkanc\u0131 Olarak Euroguss 2022 Fuar\u0131\u2019nday\u0131z! Euroguss 2022\u2019deyiz! Euroguss 2022 \u0130\u00e7in Yerinizi Ay\u0131rd\u0131k","_seopress_robots_index":"","footnotes":""},"categories":[73],"tags":[74],"class_list":["post-3197","post","type-post","status-publish","format-standard","has-post-thumbnail","hentry","category-kalkanci-hakkinda","tag-euroguss-tr"],"_links":{"self":[{"href":"https:\/\/kalkanci.com\/tr\/wp-json\/wp\/v2\/posts\/3197","targetHints":{"allow":["GET"]}}],"collection":[{"href":"https:\/\/kalkanci.com\/tr\/wp-json\/wp\/v2\/posts"}],"about":[{"href":"https:\/\/kalkanci.com\/tr\/wp-json\/wp\/v2\/types\/post"}],"author":[{"embeddable":true,"href":"https:\/\/kalkanci.com\/tr\/wp-json\/wp\/v2\/users\/1"}],"replies":[{"embeddable":true,"href":"https:\/\/kalkanci.com\/tr\/wp-json\/wp\/v2\/comments?post=3197"}],"version-history":[{"count":3,"href":"https:\/\/kalkanci.com\/tr\/wp-json\/wp\/v2\/posts\/3197\/revisions"}],"predecessor-version":[{"id":3210,"href":"https:\/\/kalkanci.com\/tr\/wp-json\/wp\/v2\/posts\/3197\/revisions\/3210"}],"wp:featuredmedia":[{"embeddable":true,"href":"https:\/\/kalkanci.com\/tr\/wp-json\/wp\/v2\/media\/3204"}],"wp:attachment":[{"href":"https:\/\/kalkanci.com\/tr\/wp-json\/wp\/v2\/media?parent=3197"}],"wp:term":[{"taxonomy":"category","embeddable":true,"href":"https:\/\/kalkanci.com\/tr\/wp-json\/wp\/v2\/categories?post=3197"},{"taxonomy":"post_tag","embeddable":true,"href":"https:\/\/kalkanci.com\/tr\/wp-json\/wp\/v2\/tags?post=3197"}],"curies":[{"name":"wp","href":"https:\/\/api.w.org\/{rel}","templated":true}]}}