{"id":3375,"date":"2022-10-11T13:14:52","date_gmt":"2022-10-11T10:14:52","guid":{"rendered":"https:\/\/kalkanci.com\/kalkanci-karbon-ayakizi-ve-surdurulebilirlik-2\/"},"modified":"2024-03-15T20:24:44","modified_gmt":"2024-03-15T17:24:44","slug":"kalkanci-karbon-ayakizi-ve-surdurulebilirlik-2","status":"publish","type":"post","link":"https:\/\/kalkanci.com\/tr\/kalkanci-karbon-ayakizi-ve-surdurulebilirlik-2\/","title":{"rendered":"Kalkanc\u0131 Karbon Ayakizi ve S\u00fcrd\u00fcr\u00fclebilirlik"},"content":{"rendered":"<div class=\"wpb-content-wrapper\"><p>[vc_row][vc_column][vc_column_text]2015\u2019e kadar, k\u00fcresel \u0131s\u0131nma sonucu end\u00fcstri \u00e7a\u011f\u0131 \u00f6ncesine g\u00f6re s\u0131cakl\u0131\u011f\u0131n 2 derece artmas\u0131 gezegenimizin dayanabilece\u011fi maksimum de\u011fer olarak g\u00f6r\u00fcl\u00fcyordu. Yeni bulgular ve geli\u015fmekte olan \u00fclkelerin (T\u00fcrkiye dahil) siyasi giri\u015fimleri ile maksimum k\u00fcresel \u0131s\u0131nma de\u011feri 1.5 derece olarak belirlendi.<br \/>\nSera gazlar\u0131n\u0131n net emisyonu \u2013 emisyon ve so\u011furma aras\u0131ndaki fark \u2013 bu y\u00fczy\u0131l\u0131n ikinci yar\u0131s\u0131nda s\u0131f\u0131r olmal\u0131d\u0131r. Ama\u00e7 iklime zarars\u0131z d\u00fcnya ekonomisine ula\u015fmakt\u0131r. Al\u00fcminyum sekt\u00f6r\u00fc s\u00fcrd\u00fcr\u00fclebilir ekonominin \u00f6nemli bir par\u00e7as\u0131d\u0131r, ancak y\u00fcksek karbon t\u00fcketimine sahip olmas\u0131 sebebiyle proaktif olarak sekt\u00f6rel karbon ayak izine dikkat \u00e7ekmelidir.<br \/>\nKalkanc\u0131 olarak, mevcut emisyon de\u011ferlerimizi anlamak ve dekarbonizasyon (karbonsuzla\u015fma) hedefleri koymak ad\u0131na, uluslararas\u0131 iklim koruma \u00e7\u00f6z\u00fcmleri sunan ClimatePartner ile i\u015fbirli\u011fimizi duyurmaktan mutluluk duyar\u0131z. Bu i\u015f birli\u011fi Kalkanc\u0131\u2019n\u0131n \u00dcr\u00fcn Karbon ayak izi ve firma karbon ayak izi \u00f6l\u00e7\u00fcmlerini yapmas\u0131na olanak sa\u011fl\u0131yor.<br \/>\nTicari sorumlulu\u011fu y\u00fcksek kaliteli \u00fcr\u00fcn sa\u011flamak ve i\u015f faaliyetlerini \u00e7evre dostu ve sosyal bilin\u00e7li bir \u015fekilde y\u00fcr\u00fcmek olan bir firma olarak hedefimiz sera gaz\u0131 emisyonumuzu d\u00fc\u015f\u00fcrmektir. ClimatePartner emisyon hesaplamada ve karbon alternatiflendirerek emisyon azaltma da uzmanla\u015fm\u0131\u015f bir firmad\u0131r. Rapor, CO2 e\u015fde\u011feri olarak rapor edilen t\u00fcm sera gazlar\u0131n\u0131 kapsayan Ocak 2021 ile Aral\u0131k 2021 aras\u0131ndaki emisyonlar\u0131 g\u00f6sterecek. ClimatePartner\u2019\u0131n raporu, Kalkanc\u0131\u2019n\u0131n operasyonel Kapsam 1,2 ve 3 emisyonlar\u0131n\u0131 de\u011ferlendirecek. Kapsam 1, ara\u00e7 filolar\u0131 ve tesisler dahil olmak \u00fczere do\u011frudan emisyonlar\u0131 kapsar. Kapsam 2, sat\u0131n al\u0131nan elektrik ve b\u00f6lgesel \u0131s\u0131tma yoluyla sal\u0131nan emisyonlar\u0131 kapsar. Son olarak, Kapsam 3 \u00e7al\u0131\u015fanlar\u0131n i\u015fe gidip gelmesi, sat\u0131n al\u0131nan mal ve hizmetler ve i\u015f seyahatleri gibi dolayl\u0131 emisyonlar\u0131 kapsar.<br \/>\nFirma CEO\u2019muz Say\u0131n Pa\u00e7ac\u0131, \u201cKalkanc\u0131\u2019da sadece \u00e7evresel de\u011fil, sosyal ve y\u00f6neti\u015fim konular\u0131n\u0131 da kapsayan \u201cS\u00fcrd\u00fcr\u00fclebilirlik\u201d felsefesiyle faaliyet g\u00f6steriyoruz. Slogan\u0131m\u0131z \u201cortak yarar i\u00e7in birlikte ya\u015famak ve \u00e7al\u0131\u015fmak\u201d. \u201cOrtak fayda\u201d, BM S\u00fcrd\u00fcr\u00fclebilir Kalk\u0131nma Hedefleri (SKH) taraf\u0131ndan tan\u0131mlanm\u0131\u015ft\u0131r ve Kalkanc\u0131\u2019n\u0131n sosyal ve \u00e7evresel etkimizi y\u00f6netmesi i\u00e7in bir \u00e7er\u00e7eve sa\u011flamaktad\u0131r. Gelece\u011fe ve daha s\u00fcrd\u00fcr\u00fclebilir uygulamalar\u0131n geli\u015ftirilmesine bakt\u0131\u011f\u0131m\u0131zda Net Zero Target, \u00f6n\u00fcm\u00fczdeki y\u0131llar i\u00e7in kapsaml\u0131 s\u00fcrd\u00fcr\u00fclebilirlik stratejimizin hayati bir par\u00e7as\u0131 olacak ve kurumsal stratejimizde \u00f6nemli bir rol oynamaya devam edecek. Bu yolculukta daha \u015feffaf olabilmek ad\u0131na bu y\u0131l GRI Standartlar\u0131na g\u00f6re ilk S\u00fcrd\u00fcr\u00fclebilirlik Raporu\u2019muzu yay\u0131nlayaca\u011f\u0131z.[\/vc_column_text][\/vc_column][\/vc_row][vc_row padding_top_multiplier=&#8221;&#8221; padding_bottom_multiplier=&#8221;&#8221;][vc_column][vc_column_text]<\/p>\n<h2><strong>S\u00fcrd\u00fcr\u00fclebilir Kalk\u0131nma A\u00e7\u0131s\u0131ndan Sera Gaz\u0131 Emisyonu <\/strong><\/h2>\n<p>S\u00fcrd\u00fcr\u00fclebilirlik, tan\u0131m olarak bak\u0131ld\u0131\u011f\u0131 zaman, \u00fcretim ve \u00e7e\u015fitlili\u011fin devaml\u0131l\u0131\u011f\u0131 sa\u011flan\u0131yor iken, insanl\u0131\u011f\u0131n ya\u015fam s\u00fcrecinin de devaml\u0131 olmas\u0131n\u0131 sa\u011flayabilmektir. Yani; ba\u015fka bir \u015fekilde ifade edilmesi gerekir ise, kendi ihtiya\u00e7lar\u0131m\u0131z\u0131, gelecek nesillerin ihtiya\u00e7lar\u0131ndan \u00f6d\u00fcn vermeden kar\u015f\u0131layabilmemiz anlam\u0131na gelir. Gelecek nesillere de t\u0131pk\u0131 ya\u015fad\u0131\u011f\u0131m\u0131z bu d\u00fcnya d\u00fczenini b\u0131rakabilmemiz demektir.<\/p>\n<p>G\u00fcn\u00fcm\u00fczde n\u00fcfusun h\u0131zl\u0131 bir \u015fekilde artmas\u0131, beraberinde kentle\u015fmeyi ve sanayile\u015fmeyi bir sorun haline getirmi\u015ftir. Bu kapsamda \u201c<strong><em>S\u00fcrd\u00fcr\u00fclebilirlik nedir ve bu alanda hangi \u00e7al\u0131\u015fmalar yap\u0131labilir?<\/em><\/strong>\u201d Konusu da \u00f6n plana \u00e7\u0131km\u0131\u015ft\u0131r.<\/p>\n<p>D\u00fcnya \u00fczerinde yay\u0131nlanan \u201c<strong>S\u00fcrd\u00fcr\u00fclebilir Kalk\u0131nma Hedefleri IPCC \u00d6zel Raporu<\/strong>\u201d, bizlere bu alanda \u0131\u015f\u0131k tutmaktad\u0131r. S\u00fcrd\u00fcr\u00fclebilir kalk\u0131nma ve k\u00fcresel \u0131s\u0131nmay\u0131 1.5 \u00b0C\u2019de s\u0131n\u0131rland\u0131rma konular\u0131n\u0131 kapsayan bu raporda, 1.5 \u00b0C\u2019ye ula\u015fabilecek bir\u00e7ok yol bulunmaktad\u0131r.<\/p>\n<p>\u00d6zellikle yenilenebilir enerji sistemlerine sahip olmak, insan sa\u011fl\u0131\u011f\u0131 ve ya\u015fam\u0131 a\u00e7\u0131s\u0131ndan kritik bir \u00f6nem ta\u015f\u0131r. S\u00fcrd\u00fcr\u00fclebilir Kalk\u0131nma Hedeflerine (SDG) ula\u015f\u0131lmas\u0131nda yard\u0131mc\u0131 olur. S\u00f6z konusu <strong>\u201c<em>s\u00fcrd\u00fcr\u00fclebilir \u00e7evre<\/em>\u201d<\/strong> oldu\u011funda, D\u00fcnya \u00fczerindeki baz\u0131 konular\u0131 en az seviyeye indirmek gerekir. Bu konular; iklim de\u011fi\u015fikli\u011fi, yoksulluk, sanayile\u015fme, e\u015fitsizlik, su g\u00fcvenli\u011fi, a\u00e7l\u0131k, hava kirlili\u011fi, sa\u011fl\u0131k, enerji ve konutlar olarak s\u0131ralanabilir.<\/p>\n<p>Sanayile\u015fme, tar\u0131m, a\u00e7l\u0131k, iklim de\u011fi\u015fikli\u011fi, hava kirlili\u011fi ve enerji ilk s\u0131ralarda yer alacakt\u0131r. Bu kapsamda s\u00fcrd\u00fcr\u00fclebilir kalk\u0131nma a\u00e7\u0131s\u0131ndan sera gaz\u0131 emisyonu da \u00f6nemli konulardan biri haline gelmektedir.[\/vc_column_text][\/vc_column][\/vc_row][vc_row padding_bottom_multiplier=&#8221;&#8221;][vc_column][vc_column_text]<\/p>\n<h4><strong>Sera Gaz\u0131 Nedir?<\/strong><\/h4>\n<p><strong>Karbondioksit (CO2), Metan (CH4), Nitr\u00f6z Oksit (N2O), Hidroflor\u00fcr karbonlar (HFCs), Perfloro karbonlar (PFCs), S\u00fclf\u00fcr Hekzaflorid (SF6)<\/strong> gibi gazlardan olu\u015fan ve atmosferde \u0131s\u0131 tutma \u00f6zelli\u011fine sahip olan bile\u015fiklere \u201cSera Gaz\u0131\u201d ismi verilmi\u015ftir. Sera Gaz\u0131 Emisyonu ise bu gibi gazlar\u0131n atmosfere verilen miktar\u0131n\u0131 ifade eder.<\/p>\n<p>T\u00fcrkiye\u2019nin \u201ctar\u0131m, hayvanc\u0131l\u0131k ve sanayile\u015fme\u201d \u00fczerine kurulu bir \u00fclke oldu\u011funu g\u00f6z \u00f6n\u00fcne ald\u0131\u011f\u0131m\u0131zda, Sera Gaz\u0131 Emisyonu <strong>s\u00fcrd\u00fcr\u00fclebilirlik i\u00e7in neler yap\u0131labilir<\/strong> sorusuna da yan\u0131t vermemizi sa\u011flayacakt\u0131r. Atmosfere giren bu zararl\u0131 gazlar\u0131 ortadan kald\u0131rabilmek i\u00e7in emisyon yap\u0131lmas\u0131 gerekir.<\/p>\n<p>Sera gaz\u0131 emisyonunu azaltmak ad\u0131na yap\u0131labilecek uygulamalar\u0131 \u015fu \u015fekilde s\u0131ralayabiliriz:<\/p>\n<ul>\n<li>Yo\u011fun enerjili sanayile\u015fmeden, az yo\u011fun enerjili sanayile\u015fmeye ge\u00e7i\u015f yap\u0131lmas\u0131 ve bu ge\u00e7i\u015f i\u00e7in te\u015fvikler olu\u015fturulmas\u0131,<\/li>\n<li>Enerji yo\u011fun sanayi tesisleri i\u00e7in sera gaz\u0131 emisyon s\u0131n\u0131rlamas\u0131n\u0131n getirilmesi,<\/li>\n<li>Ula\u015f\u0131mda yak\u0131t yo\u011fun ta\u015f\u0131mac\u0131l\u0131ktan yak\u0131t az yo\u011fun ta\u015f\u0131mac\u0131l\u0131\u011fa ge\u00e7ilmesi ve bu ge\u00e7i\u015f i\u00e7in te\u015fvikler olu\u015fturulmas\u0131,<\/li>\n<li>\u00c7\u00f6p depolama alanlar\u0131n\u0131n biyoreakt\u00f6rlere d\u00f6n\u00fc\u015ft\u00fcr\u00fclmesi alan\u0131nda \u00e7al\u0131\u015fmalar yap\u0131lmas\u0131,<\/li>\n<li>De\u011ferlendirilebilir at\u0131klar\u0131n geri kazan\u0131m\u0131 ile ilgili entegre bir y\u00f6netim sistemi olu\u015fturulmas\u0131,<\/li>\n<li>Yal\u0131t\u0131ms\u0131z binalarla ilgili yeni vergi sisteminin olu\u015fturulmas\u0131 ve uygulanmas\u0131,<\/li>\n<li>Ya\u015fl\u0131 ara\u00e7larla ilgili yeni bir vergi sisteminin olu\u015fturulmas\u0131 ve uygulanmas\u0131,<\/li>\n<li>Ya\u015fl\u0131 deniz ara\u00e7lar\u0131n\u0131n hizmet d\u0131\u015f\u0131 b\u0131rak\u0131lmas\u0131,<\/li>\n<li>Emisyon de\u011ferleri d\u00fc\u015f\u00fck ta\u015f\u0131tlar ve deniz ara\u00e7lar\u0131n\u0131n te\u015fvik edilmesi,<\/li>\n<li>Sulak alanlar\u0131n koruma alt\u0131na al\u0131nmas\u0131,<\/li>\n<li>A\u011fa\u00e7land\u0131rma \u00e7al\u0131\u015fmalar\u0131n\u0131n art\u0131r\u0131lmas\u0131,<\/li>\n<li>G\u00f6l ve g\u00f6letler art\u0131r\u0131lmas\u0131,<\/li>\n<li>\u015eehirde ya\u015fl\u0131 ara\u00e7lar\u0131n toplu ta\u015f\u0131ma arac\u0131 olarak kullan\u0131lmas\u0131na izin verilmemesi,<\/li>\n<li>\u015eehirlerde ye\u015fil alan \u00e7al\u0131\u015fmalar\u0131n\u0131n ger\u00e7ekle\u015ftirilmesi,<\/li>\n<li>Enerji verimlili\u011finin sa\u011flanmas\u0131 ad\u0131na d\u00fc\u015f\u00fck \u0131s\u0131tma, so\u011futma ve mutfak aletlerinin kullan\u0131m\u0131n\u0131n azalt\u0131lmas\u0131,<\/li>\n<li>Enerjiyi verimli kullanan aletler ve ekipmanlar kullan\u0131lmas\u0131na te\u015fvik edilmesi,<\/li>\n<li>\u015eehirlerde i\u015fyerine ve okullara gitmek i\u00e7in bisiklet yollar\u0131n\u0131n yap\u0131lmas\u0131,<\/li>\n<li>Kalorisi y\u00fcksek olan at\u0131klar ve fosil yak\u0131tlar yerine, ek yak\u0131t sistemine ge\u00e7ilmesi,<\/li>\n<\/ul>\n<p>[\/vc_column_text][\/vc_column][\/vc_row][vc_row padding_top_multiplier=&#8221;&#8221; padding_bottom_multiplier=&#8221;&#8221; columns_gap=&#8221;none&#8221;][vc_column][vc_column_text]<img loading=\"lazy\" decoding=\"async\" class=\"aligncenter wp-image-3361 size-full\" src=\"https:\/\/kalkanci.com\/wp-content\/uploads\/2022\/10\/kalkanci-carbon-footprint-and-sustainability2.jpg\" alt=\"Kalkanc\u0131 Karbon Ayakizi ve S\u00fcrd\u00fcr\u00fclebilirlik\" width=\"1024\" height=\"500\" srcset=\"https:\/\/kalkanci.com\/wp-content\/uploads\/2022\/10\/kalkanci-carbon-footprint-and-sustainability2.jpg 1024w, https:\/\/kalkanci.com\/wp-content\/uploads\/2022\/10\/kalkanci-carbon-footprint-and-sustainability2-300x146.jpg 300w, https:\/\/kalkanci.com\/wp-content\/uploads\/2022\/10\/kalkanci-carbon-footprint-and-sustainability2-768x375.jpg 768w\" sizes=\"auto, (max-width: 1024px) 100vw, 1024px\" \/>[\/vc_column_text][\/vc_column][\/vc_row][vc_row padding_top_multiplier=&#8221;&#8221; padding_bottom_multiplier=&#8221;&#8221;][vc_column][vc_column_text]<\/p>\n<h3><strong>Daha S\u00fcrd\u00fcr\u00fclebilir Bir \u00c7evre \u0130\u00e7in Hedeflerimiz Nelerdir?<\/strong><\/h3>\n<p>2015 y\u0131l\u0131nda, Birle\u015fmi\u015f Milletler taraf\u0131ndan S\u00fcrd\u00fcr\u00fclebilir Kalk\u0131nma Hedefleri (SKH) yay\u0131mlanm\u0131\u015ft\u0131r. Bu hedefler, <strong>s\u00fcrd\u00fcr\u00fclebilirlik nas\u0131l sa\u011flan\u0131r<\/strong> ve <strong>s\u00fcrd\u00fcr\u00fclebilirlik ne demek<\/strong> soru ba\u015fl\u0131klar\u0131 alt\u0131nda incelenmi\u015ftir. 17 adet hedefin yer ald\u0131\u011f\u0131 bu listenin, 2030 y\u0131l\u0131na kadar hayata ge\u00e7irilmesi planlanmaktad\u0131r. Bizim de hedeflerimiz aras\u0131nda bu 17 madde yer almaktad\u0131r.<\/p>\n<ol>\n<li>Yoksullu\u011fa son vermek (D\u00fcnya n\u00fcfusunun %10\u2019u a\u015f\u0131r\u0131 yoksulluk ile m\u00fccadele etmektedir.)<\/li>\n<li>A\u00e7l\u0131\u011fa son vermek (D\u00fcnya n\u00fcfusunda 820 milyondan fazla insan yetersiz beslenmektedir.)<\/li>\n<li>Sa\u011fl\u0131kl\u0131 bireyler yeti\u015ftirmek (D\u00fcnya genelindeki \u00e7ocuk \u00f6l\u00fcmleri %50\u2019yi ge\u00e7mi\u015ftir.)<\/li>\n<li>Nitelikli e\u011fitim verilmesini sa\u011flamak (2013 y\u0131l\u0131ndan bu yana, \u00e7o\u011fu k\u0131z olmak \u00fczere ilkokul \u00e7a\u011f\u0131ndaki 59 milyon \u00e7ocuk ve alt orta ya\u015ftaki 65 milyon ergen birey, e\u011fitim alamam\u0131\u015ft\u0131r.)<\/li>\n<li>Toplumsal cinsiyet e\u015fitli\u011fini sa\u011flamak (Ne yaz\u0131k ki d\u00fcnya \u00fczerindeki her yerde kad\u0131nlar, tar\u0131m d\u0131\u015f\u0131 faaliyetlerde yetersiz g\u00f6r\u00fclmektedir.)<\/li>\n<li>Temiz su ve s\u0131hhi ko\u015fullar sa\u011flamak (Her g\u00fcn 800&#8217;den fazla \u00e7ocuk, kirli su ve buna ba\u011fl\u0131 hijyen eksikli\u011finden kaynaklanan sebepler nedeniyle vefat etmektedir.)<\/li>\n<li>Eri\u015filebilir ve temiz enerji sa\u011flamak (Sera gaz\u0131 emisyonu ile birlikte g\u00fcn\u00fcm\u00fczde pek \u00e7ok yenilenebilir enerji kaynaklar\u0131 mevcuttur.)<\/li>\n<li>\u0130nsanl\u0131\u011fa yak\u0131\u015f\u0131r bir \u015fekilde i\u015f ve ekonomik b\u00fcy\u00fcme sa\u011flamak (Uluslararas\u0131 \u00c7al\u0131\u015fma \u00d6rg\u00fct\u00fc&#8217;ne g\u00f6re, 2015 y\u0131l\u0131nda 204 milyondan fazla insan i\u015fsiz kalm\u0131\u015ft\u0131r.)<\/li>\n<li>Sanayi, Yenilik\u00e7ilik ve Altyap\u0131 \u00e7al\u0131\u015fmalar\u0131n\u0131 art\u0131rmak (S\u00fcrd\u00fcr\u00fclebilir kalk\u0131nman\u0131n \u00fc\u00e7 \u00f6nemli fakt\u00f6r\u00fc altyap\u0131, sanayile\u015fme ve yeniliktir.)<\/li>\n<li>E\u015fitsizliklerin azalt\u0131lmas\u0131n\u0131 sa\u011flamak (D\u00fcnya \u00fczerinde halen daha gelir e\u015fitsizliklerinin yan\u0131 s\u0131ra cinsiyet, ya\u015f, engel durumu, \u0131rk, s\u0131n\u0131f, etnik k\u00f6ken ve dini inan\u00e7lara dayal\u0131 e\u015fitsizlikler bulunmaktad\u0131r.)<\/li>\n<li>S\u00fcrd\u00fcr\u00fclebilir \u015fehir ve ya\u015fam alanlar\u0131 sunmak (K\u00fcresel karbon emisyonlar\u0131n\u0131n yakla\u015f\u0131k olarak %70\u2019ini kentsel alanlar olu\u015fturuyor. E\u011fer 2030 y\u0131l\u0131na kadar bu kullan\u0131m azalt\u0131lmaz ise s\u00fcrd\u00fcr\u00fclebilir kalk\u0131nma sa\u011flanmas\u0131 neredeyse imk\u00e2ns\u0131z hale gelmektedir.)<\/li>\n<li>Sorumlu t\u00fcketim ve \u00fcretim bilinci olu\u015fturmak<\/li>\n<li>\u0130klim de\u011fi\u015fikli\u011fini \u00f6nlemek ad\u0131na \u00e7al\u0131\u015fmalar y\u00fcr\u00fctmek<\/li>\n<li>Suda bir ya\u015fam oldu\u011funu unutmamak ve sulak alanlar\u0131 \u00e7o\u011faltmak<\/li>\n<li>Karadaki ya\u015fam\u0131 dengede tutmak (2019 y\u0131l\u0131nda yay\u0131nlanan Biyolojik \u00c7e\u015fitlilik ve Ekosistem Servisi K\u00fcresel De\u011ferlendirme Raporuna g\u00f6re, yakla\u015f\u0131k 1 milyon hayvan ve bitki t\u00fcr\u00fc 10 y\u0131l i\u00e7inde yok olma tehlikesiyle m\u00fccadele etmektedir.)<\/li>\n<li>Bar\u0131\u015f, Adalet ve G\u00fc\u00e7l\u00fc Kurumlar alan\u0131nda \u00e7al\u0131\u015fmalara ortak olmak<\/li>\n<li>Hedefler i\u00e7in ortakl\u0131klar olu\u015fturmak<\/li>\n<\/ol>\n<p>[\/vc_column_text][\/vc_column][\/vc_row][vc_row padding_top_multiplier=&#8221;&#8221; padding_bottom_multiplier=&#8221;&#8221;][vc_column][vc_column_text]<\/p>\n<h3><strong>S\u00fcrd\u00fcr\u00fclebilirlik \u0130lkeleri Uyum \u00c7er\u00e7evesi ve Raporlamas\u0131<\/strong><\/h3>\n<p>Halka a\u00e7\u0131k \u015firketlerin k\u0131sa, orta ve uzun vadede karar s\u00fcre\u00e7lerinin s\u00fcrd\u00fcr\u00fclebilirlik alan\u0131nda entegre olabilmesi ve bu alanda te\u015fvik sa\u011flanabilmesi i\u00e7in Sermaye Piyasas\u0131 Kurulu taraf\u0131ndan \u00f6nemli bir d\u00fczenleme getirilmi\u015ftir.<\/p>\n<p>2 Ekim 2020 tarihinde, Sermaye Piyasas\u0131 Kurulu taraf\u0131ndan yay\u0131mlanan \u201c<strong>S\u00fcrd\u00fcr\u00fclebilirlik \u0130lkeleri Uyum \u00c7er\u00e7evesi<\/strong>\u201d, Kurumsal Y\u00f6netim Tebli\u011fi&#8217;nde de\u011fi\u015fiklik yap\u0131lm\u0131\u015ft\u0131r. Burada yay\u0131mlanan ilkelere uyum sa\u011flamak her ne kadar g\u00f6n\u00fcll\u00fcl\u00fck esas\u0131na dayansa da \u015firketler uyum sa\u011flamad\u0131\u011f\u0131 takdirde, gerek\u00e7elerini a\u00e7\u0131klamak zorunda b\u0131rak\u0131lm\u0131\u015ft\u0131r. <strong>S\u00fcrd\u00fcr\u00fclebilirlik raporu nas\u0131l haz\u0131rlan\u0131r <\/strong>ve nelere dikkat edilmesi gerekir sizlerle burada payla\u015faca\u011f\u0131z.<\/p>\n<p>\u00d6ncelikle; s\u00fcrd\u00fcr\u00fclebilirlik raporu haz\u0131rlan\u0131rken SPK\u2019n\u0131n, \u201c<strong>Uy ya da A\u00e7\u0131kla<\/strong>\u201d yakla\u015f\u0131m\u0131n\u0131 benimsedi\u011fine dikkat edilmesi gerekmektedir. 2021 y\u0131l\u0131ndan bu yana aktif bir \u015fekilde D\u00fczenleme \u201c<strong>Yat\u0131r\u0131m Ortam\u0131n\u0131 \u0130yile\u015ftirme Koordinasyon Kurulu<\/strong>\u201d (<strong>YO\u0130KK<\/strong>), Eylem Plan\u0131&#8217;n\u0131n \u201cK\u00fcresel s\u00fcrd\u00fcr\u00fclebilir yat\u0131r\u0131m ak\u0131mlar\u0131ndan firmalar\u0131m\u0131z\u0131n daha fazla pay almas\u0131n\u0131n te\u015fvik edilmesi\u201d maddesi \u00e7er\u00e7evesinde Borsa \u0130stanbul A\u015e liderli\u011finde \u00e7al\u0131\u015fmalar\u0131n\u0131 y\u00fcr\u00fctmektedir.<\/p>\n<p>Y\u00fcr\u00fct\u00fclen bu \u00e7al\u0131\u015fmalar; SPK, \u015firketler, ilgili STK&#8217;lar ve meslek \u00f6rg\u00fctlerinin i\u00e7erisinde yer ald\u0131\u011f\u0131 G\u00f6rev G\u00fcc\u00fc \u00e7al\u0131\u015fmalar\u0131n\u0131n en somut \u00e7\u0131kt\u0131lar\u0131n\u0131 aktarmak zorundad\u0131r. SPK, \u201cUy ya da A\u00e7\u0131kla\u201d yakla\u015f\u0131m\u0131na dayal\u0131 d\u00fczenlemesi ile birlikte \u015firketlerin \u00e7evresel, sosyal ve kurumsal y\u00f6netim bilgilerini ilkeler \u00e7er\u00e7evesinde a\u00e7\u0131klamalar\u0131n\u0131 istemektedir.<\/p>\n<p>S\u00fcrd\u00fcr\u00fclebilirlik veya entegre raporu haz\u0131rlayan \u015firketlerin, raporun yay\u0131nlanma zaman\u0131na da dikkat etmesi gerekir. SPK taraf\u0131ndan d\u00fczenlenen tebli\u011fe g\u00f6re, s\u00fcrd\u00fcr\u00fclebilirlik raporu, faaliyet raporu ile e\u015fzamanl\u0131 olarak a\u00e7\u0131klanmal\u0131d\u0131r. En do\u011fru y\u00f6ntem, \u201cEntegre Faaliyet Raporu\u201d haz\u0131rlamak ve bunu payla\u015fmakt\u0131r.[\/vc_column_text][\/vc_column][\/vc_row][vc_row][vc_column][vc_column_text]<\/p>\n<h3><strong>S\u00fcrd\u00fcr\u00fclebilirlik ve \u00c7evre i\u00e7in Ana Misyonumuz<\/strong><\/h3>\n<p>\u0130nsan ya\u015fam\u0131 ve kayna\u011f\u0131, en de\u011ferli varl\u0131\u011f\u0131m\u0131zd\u0131r. <strong>S\u00fcrd\u00fcr\u00fclebilirlik nedir <\/strong>sorusunun cevab\u0131nda, \u201c<em>insan ya\u015fam\u0131n\u0131n devaml\u0131l\u0131\u011f\u0131n\u0131 daim k\u0131labilmek<\/em>\u201d tan\u0131m\u0131 yatmaktad\u0131r. \u0130nsan ya\u015fam\u0131n\u0131n devaml\u0131l\u0131\u011f\u0131n\u0131 sa\u011flayabilmek ve gelecek nesillere iyi bir \u00e7evre, iyi bir d\u00fcnya b\u0131rakabilmek i\u00e7in kaynaklar\u0131m\u0131z\u0131n tam ve do\u011fru bi\u00e7imde kullan\u0131lmas\u0131 gerekir.<\/p>\n<p>Bu kapsamda \u015firket olarak t\u00fcm \u00e7al\u0131\u015fanlar\u0131m\u0131za ve m\u00fc\u015fterilerimize insan haklar\u0131na sayg\u0131l\u0131, d\u00fcr\u00fcst ve adil, ayr\u0131mc\u0131 olmayan, kat\u0131l\u0131mc\u0131, g\u00fcvenli ve sa\u011fl\u0131kl\u0131 bir \u00e7al\u0131\u015fma ortam\u0131 ve f\u0131rsat e\u015fitli\u011fi tan\u0131may\u0131 hedefleyen misyonumuzla yakla\u015fmaktay\u0131z.<\/p>\n<p>Ger\u00e7ekle\u015ftirmi\u015f oldu\u011fumuz t\u00fcm faaliyetlerimizde, \u00e7evremize ve topluma duyarl\u0131, s\u00fcrd\u00fcr\u00fclebilirlik ve yenilik\u00e7ilik anlay\u0131\u015f\u0131n\u0131 benimseyen bir vizyon olu\u015fturmaktay\u0131z. H\u0131zla de\u011fi\u015fen d\u00fcnya ve piyasa ko\u015fullar\u0131na uyum sa\u011flamak ad\u0131na s\u00fcrekli olarak geli\u015fimi destekliyor, s\u00fcrd\u00fcr\u00fclebilir b\u00fcy\u00fcme potansiyeline sahip olmak ad\u0131na yat\u0131r\u0131m tecr\u00fcbelerimize de her ge\u00e7en g\u00fcn art\u0131r\u0131yoruz.[\/vc_column_text][\/vc_column][\/vc_row]<\/p>\n<\/div>","protected":false},"excerpt":{"rendered":"<p>[vc_row][vc_column][vc_column_text]2015\u2019e kadar, k\u00fcresel \u0131s\u0131nma sonucu end\u00fcstri \u00e7a\u011f\u0131 \u00f6ncesine g\u00f6re s\u0131cakl\u0131\u011f\u0131n 2 derece artmas\u0131 gezegenimizin dayanabilece\u011fi maksimum de\u011fer olarak g\u00f6r\u00fcl\u00fcyordu. Yeni bulgular ve geli\u015fmekte olan \u00fclkelerin (T\u00fcrkiye dahil) siyasi giri\u015fimleri ile maksimum k\u00fcresel \u0131s\u0131nma de\u011feri 1.5 derece olarak belirlendi. Sera gazlar\u0131n\u0131n net emisyonu \u2013 emisyon ve so\u011furma aras\u0131ndaki fark \u2013 bu y\u00fczy\u0131l\u0131n ikinci yar\u0131s\u0131nda s\u0131f\u0131r olmal\u0131d\u0131r. [&hellip;]<\/p>\n","protected":false},"author":8,"featured_media":3359,"comment_status":"closed","ping_status":"closed","sticky":false,"template":"","format":"standard","meta":{"_seopress_robots_primary_cat":"none","_seopress_titles_title":"Kalkanc\u0131 Karbon Ayakizi ve S\u00fcrd\u00fcr\u00fclebilirlik","_seopress_titles_desc":"Kalkanc\u0131 Karbon Ayak \u0130zi ve S\u00fcrd\u00fcr\u00fclebilirlik konusunda ClimatePartner ile i\u015fbirli\u011fi yap\u0131yor.","_seopress_robots_index":"","footnotes":""},"categories":[73],"tags":[],"class_list":["post-3375","post","type-post","status-publish","format-standard","has-post-thumbnail","hentry","category-kalkanci-hakkinda"],"_links":{"self":[{"href":"https:\/\/kalkanci.com\/tr\/wp-json\/wp\/v2\/posts\/3375","targetHints":{"allow":["GET"]}}],"collection":[{"href":"https:\/\/kalkanci.com\/tr\/wp-json\/wp\/v2\/posts"}],"about":[{"href":"https:\/\/kalkanci.com\/tr\/wp-json\/wp\/v2\/types\/post"}],"author":[{"embeddable":true,"href":"https:\/\/kalkanci.com\/tr\/wp-json\/wp\/v2\/users\/8"}],"replies":[{"embeddable":true,"href":"https:\/\/kalkanci.com\/tr\/wp-json\/wp\/v2\/comments?post=3375"}],"version-history":[{"count":7,"href":"https:\/\/kalkanci.com\/tr\/wp-json\/wp\/v2\/posts\/3375\/revisions"}],"predecessor-version":[{"id":3573,"href":"https:\/\/kalkanci.com\/tr\/wp-json\/wp\/v2\/posts\/3375\/revisions\/3573"}],"wp:featuredmedia":[{"embeddable":true,"href":"https:\/\/kalkanci.com\/tr\/wp-json\/wp\/v2\/media\/3359"}],"wp:attachment":[{"href":"https:\/\/kalkanci.com\/tr\/wp-json\/wp\/v2\/media?parent=3375"}],"wp:term":[{"taxonomy":"category","embeddable":true,"href":"https:\/\/kalkanci.com\/tr\/wp-json\/wp\/v2\/categories?post=3375"},{"taxonomy":"post_tag","embeddable":true,"href":"https:\/\/kalkanci.com\/tr\/wp-json\/wp\/v2\/tags?post=3375"}],"curies":[{"name":"wp","href":"https:\/\/api.w.org\/{rel}","templated":true}]}}